{"id":6458,"date":"2026-03-06T21:06:20","date_gmt":"2026-03-06T20:06:20","guid":{"rendered":"https:\/\/www.marelle-studio.com\/whispering-walls\/"},"modified":"2026-04-28T12:03:41","modified_gmt":"2026-04-28T10:03:41","slug":"whispering-walls","status":"publish","type":"post","link":"https:\/\/www.marelle-studio.com\/en\/whispering-walls\/","title":{"rendered":"Whispering Walls"},"content":{"rendered":"<div id='gallery-1' class='gallery galleryid-6458 gallery-columns-3 gallery-size-thumbnail'><figure class='gallery-item'>\n\t\t\t<div class='gallery-icon portrait'>\n\t\t\t\t<a href='https:\/\/www.marelle-studio.com\/en\/marelle-studio\/fr1-2\/'><img loading=\"lazy\" decoding=\"async\" width=\"150\" height=\"150\" src=\"https:\/\/www.marelle-studio.com\/wp-content\/uploads\/2026\/01\/Fr1-150x150.jpg\" class=\"attachment-thumbnail size-thumbnail\" alt=\"Photo de l&#039;exposition Les murs parlent\" \/><\/a>\n\t\t\t<\/div><\/figure><figure class='gallery-item'>\n\t\t\t<div class='gallery-icon portrait'>\n\t\t\t\t<a href='https:\/\/www.marelle-studio.com\/en\/marelle-studio\/fr4-2\/'><img loading=\"lazy\" decoding=\"async\" width=\"150\" height=\"150\" src=\"https:\/\/www.marelle-studio.com\/wp-content\/uploads\/2026\/01\/Fr4-150x150.jpg\" class=\"attachment-thumbnail size-thumbnail\" alt=\"Photo de l&#039;exposition Les murs parlent\" \/><\/a>\n\t\t\t<\/div><\/figure><figure class='gallery-item'>\n\t\t\t<div class='gallery-icon portrait'>\n\t\t\t\t<a href='https:\/\/www.marelle-studio.com\/en\/marelle-studio\/fr5-2\/'><img loading=\"lazy\" decoding=\"async\" width=\"150\" height=\"150\" src=\"https:\/\/www.marelle-studio.com\/wp-content\/uploads\/2026\/01\/Fr5-150x150.jpg\" class=\"attachment-thumbnail size-thumbnail\" alt=\"Photo exposition Les murs parlent\" \/><\/a>\n\t\t\t<\/div><\/figure><figure class='gallery-item'>\n\t\t\t<div class='gallery-icon portrait'>\n\t\t\t\t<a href='https:\/\/www.marelle-studio.com\/en\/marelle-studio\/fr5bis-2\/'><img loading=\"lazy\" decoding=\"async\" width=\"150\" height=\"150\" src=\"https:\/\/www.marelle-studio.com\/wp-content\/uploads\/2026\/01\/FR5bis-150x150.jpg\" class=\"attachment-thumbnail size-thumbnail\" alt=\"Photo de l&#039;exposition Les murs parlent\" \/><\/a>\n\t\t\t<\/div><\/figure><figure class='gallery-item'>\n\t\t\t<div class='gallery-icon portrait'>\n\t\t\t\t<a href='https:\/\/www.marelle-studio.com\/en\/marelle-studio\/fr7-2\/'><img loading=\"lazy\" decoding=\"async\" width=\"150\" height=\"150\" src=\"https:\/\/www.marelle-studio.com\/wp-content\/uploads\/2026\/01\/Fr7-150x150.jpg\" class=\"attachment-thumbnail size-thumbnail\" alt=\"Article de presse\" \/><\/a>\n\t\t\t<\/div><\/figure><figure class='gallery-item'>\n\t\t\t<div class='gallery-icon portrait'>\n\t\t\t\t<a href='https:\/\/www.marelle-studio.com\/en\/marelle-studio\/fr10_1-2\/'><img loading=\"lazy\" decoding=\"async\" width=\"150\" height=\"150\" src=\"https:\/\/www.marelle-studio.com\/wp-content\/uploads\/2026\/01\/Fr10_1-150x150.jpg\" class=\"attachment-thumbnail size-thumbnail\" alt=\"Affiche de l&#039;exposition les Murs parlent\" \/><\/a>\n\t\t\t<\/div><\/figure>\n\t\t<\/div>\n\n","protected":false},"excerpt":{"rendered":"","protected":false},"author":2,"featured_media":6459,"comment_status":"closed","ping_status":"closed","sticky":false,"template":"","format":"standard","meta":{"_acf_changed":false,"site-sidebar-layout":"default","site-content-layout":"","ast-site-content-layout":"default","site-content-style":"default","site-sidebar-style":"default","ast-global-header-display":"","ast-banner-title-visibility":"","ast-main-header-display":"","ast-hfb-above-header-display":"","ast-hfb-below-header-display":"","ast-hfb-mobile-header-display":"","site-post-title":"","ast-breadcrumbs-content":"","ast-featured-img":"","footer-sml-layout":"","ast-disable-related-posts":"","theme-transparent-header-meta":"default","adv-header-id-meta":"","stick-header-meta":"","header-above-stick-meta":"","header-main-stick-meta":"","header-below-stick-meta":"","astra-migrate-meta-layouts":"set","ast-page-background-enabled":"default","ast-page-background-meta":{"desktop":{"background-color":"var(--ast-global-color-4)","background-image":"","background-repeat":"repeat","background-position":"center center","background-size":"auto","background-attachment":"scroll","background-type":"","background-media":"","overlay-type":"","overlay-color":"","overlay-opacity":"","overlay-gradient":""},"tablet":{"background-color":"","background-image":"","background-repeat":"repeat","background-position":"center center","background-size":"auto","background-attachment":"scroll","background-type":"","background-media":"","overlay-type":"","overlay-color":"","overlay-opacity":"","overlay-gradient":""},"mobile":{"background-color":"","background-image":"","background-repeat":"repeat","background-position":"center center","background-size":"auto","background-attachment":"scroll","background-type":"","background-media":"","overlay-type":"","overlay-color":"","overlay-opacity":"","overlay-gradient":""}},"ast-content-background-meta":{"desktop":{"background-color":"var(--ast-global-color-5)","background-image":"","background-repeat":"repeat","background-position":"center center","background-size":"auto","background-attachment":"scroll","background-type":"","background-media":"","overlay-type":"","overlay-color":"","overlay-opacity":"","overlay-gradient":""},"tablet":{"background-color":"var(--ast-global-color-5)","background-image":"","background-repeat":"repeat","background-position":"center center","background-size":"auto","background-attachment":"scroll","background-type":"","background-media":"","overlay-type":"","overlay-color":"","overlay-opacity":"","overlay-gradient":""},"mobile":{"background-color":"var(--ast-global-color-5)","background-image":"","background-repeat":"repeat","background-position":"center center","background-size":"auto","background-attachment":"scroll","background-type":"","background-media":"","overlay-type":"","overlay-color":"","overlay-opacity":"","overlay-gradient":""}},"footnotes":""},"categories":[7],"tags":[],"class_list":["post-6458","post","type-post","status-publish","format-standard","has-post-thumbnail","hentry","category-non-classe"],"acf":{"photo_gallery":{"galerie_images":[[{"id":6446,"title":"Fr1","caption":"Ecomus\u00e9e du Grand-Orly Bi\u00e8vre, 15 septembre 2025- 7 Mars 2026","full_image_url":"https:\/\/www.marelle-studio.com\/wp-content\/uploads\/2026\/01\/Fr1-scaled.jpg","thumbnail_image_url":"https:\/\/www.marelle-studio.com\/wp-content\/uploads\/2026\/01\/Fr1-150x150.jpg","large_srcset":"https:\/\/www.marelle-studio.com\/wp-content\/uploads\/2026\/01\/Fr1-768x1024.jpg 768w, https:\/\/www.marelle-studio.com\/wp-content\/uploads\/2026\/01\/Fr1-225x300.jpg 225w, https:\/\/www.marelle-studio.com\/wp-content\/uploads\/2026\/01\/Fr1-1152x1536.jpg 1152w, https:\/\/www.marelle-studio.com\/wp-content\/uploads\/2026\/01\/Fr1-1536x2048.jpg 1536w, https:\/\/www.marelle-studio.com\/wp-content\/uploads\/2026\/01\/Fr1-scaled.jpg 1920w","medium_srcset":"https:\/\/www.marelle-studio.com\/wp-content\/uploads\/2026\/01\/Fr1-225x300.jpg 225w, https:\/\/www.marelle-studio.com\/wp-content\/uploads\/2026\/01\/Fr1-768x1024.jpg 768w, https:\/\/www.marelle-studio.com\/wp-content\/uploads\/2026\/01\/Fr1-1152x1536.jpg 1152w, https:\/\/www.marelle-studio.com\/wp-content\/uploads\/2026\/01\/Fr1-1536x2048.jpg 1536w, https:\/\/www.marelle-studio.com\/wp-content\/uploads\/2026\/01\/Fr1-scaled.jpg 1920w","media_details":{"width":1920,"height":2560,"sizes":{"medium":{"file":"Fr1-225x300.jpg","width":225,"height":300,"mime-type":"image\/jpeg","filesize":23570,"source_url":"https:\/\/www.marelle-studio.com\/wp-content\/uploads\/2026\/01\/Fr1-225x300.jpg"},"large":{"file":"Fr1-768x1024.jpg","width":768,"height":1024,"mime-type":"image\/jpeg","filesize":128610,"source_url":"https:\/\/www.marelle-studio.com\/wp-content\/uploads\/2026\/01\/Fr1-768x1024.jpg"},"thumbnail":{"file":"Fr1-150x150.jpg","width":150,"height":150,"mime-type":"image\/jpeg","filesize":15627,"source_url":"https:\/\/www.marelle-studio.com\/wp-content\/uploads\/2026\/01\/Fr1-150x150.jpg"},"medium_large":{"file":"Fr1-768x1024.jpg","width":768,"height":1024,"mime-type":"image\/jpeg","filesize":128610,"source_url":"https:\/\/www.marelle-studio.com\/wp-content\/uploads\/2026\/01\/Fr1-768x1024.jpg"},"1536x1536":{"file":"Fr1-1152x1536.jpg","width":1152,"height":1536,"mime-type":"image\/jpeg","filesize":259279,"source_url":"https:\/\/www.marelle-studio.com\/wp-content\/uploads\/2026\/01\/Fr1-1152x1536.jpg"},"2048x2048":{"file":"Fr1-1536x2048.jpg","width":1536,"height":2048,"mime-type":"image\/jpeg","filesize":418314,"source_url":"https:\/\/www.marelle-studio.com\/wp-content\/uploads\/2026\/01\/Fr1-1536x2048.jpg"}}},"alt_text":"Photo de l'exposition Les murs parlent","url":"","target":""},{"id":6448,"title":"Fr4","caption":"Ecomus\u00e9e du Grand-Orly Bi\u00e8vre, 15 septembre 2025- 7 Mars 2026","full_image_url":"https:\/\/www.marelle-studio.com\/wp-content\/uploads\/2026\/01\/Fr4-scaled.jpg","thumbnail_image_url":"https:\/\/www.marelle-studio.com\/wp-content\/uploads\/2026\/01\/Fr4-150x150.jpg","large_srcset":"https:\/\/www.marelle-studio.com\/wp-content\/uploads\/2026\/01\/Fr4-768x1024.jpg 768w, https:\/\/www.marelle-studio.com\/wp-content\/uploads\/2026\/01\/Fr4-225x300.jpg 225w, https:\/\/www.marelle-studio.com\/wp-content\/uploads\/2026\/01\/Fr4-1152x1536.jpg 1152w, https:\/\/www.marelle-studio.com\/wp-content\/uploads\/2026\/01\/Fr4-1536x2048.jpg 1536w, https:\/\/www.marelle-studio.com\/wp-content\/uploads\/2026\/01\/Fr4-scaled.jpg 1920w","medium_srcset":"https:\/\/www.marelle-studio.com\/wp-content\/uploads\/2026\/01\/Fr4-225x300.jpg 225w, https:\/\/www.marelle-studio.com\/wp-content\/uploads\/2026\/01\/Fr4-768x1024.jpg 768w, https:\/\/www.marelle-studio.com\/wp-content\/uploads\/2026\/01\/Fr4-1152x1536.jpg 1152w, https:\/\/www.marelle-studio.com\/wp-content\/uploads\/2026\/01\/Fr4-1536x2048.jpg 1536w, https:\/\/www.marelle-studio.com\/wp-content\/uploads\/2026\/01\/Fr4-scaled.jpg 1920w","media_details":{"width":1920,"height":2560,"sizes":{"medium":{"file":"Fr4-225x300.jpg","width":225,"height":300,"mime-type":"image\/jpeg","filesize":17458,"source_url":"https:\/\/www.marelle-studio.com\/wp-content\/uploads\/2026\/01\/Fr4-225x300.jpg"},"large":{"file":"Fr4-768x1024.jpg","width":768,"height":1024,"mime-type":"image\/jpeg","filesize":69563,"source_url":"https:\/\/www.marelle-studio.com\/wp-content\/uploads\/2026\/01\/Fr4-768x1024.jpg"},"thumbnail":{"file":"Fr4-150x150.jpg","width":150,"height":150,"mime-type":"image\/jpeg","filesize":12785,"source_url":"https:\/\/www.marelle-studio.com\/wp-content\/uploads\/2026\/01\/Fr4-150x150.jpg"},"medium_large":{"file":"Fr4-768x1024.jpg","width":768,"height":1024,"mime-type":"image\/jpeg","filesize":69563,"source_url":"https:\/\/www.marelle-studio.com\/wp-content\/uploads\/2026\/01\/Fr4-768x1024.jpg"},"1536x1536":{"file":"Fr4-1152x1536.jpg","width":1152,"height":1536,"mime-type":"image\/jpeg","filesize":138177,"source_url":"https:\/\/www.marelle-studio.com\/wp-content\/uploads\/2026\/01\/Fr4-1152x1536.jpg"},"2048x2048":{"file":"Fr4-1536x2048.jpg","width":1536,"height":2048,"mime-type":"image\/jpeg","filesize":223186,"source_url":"https:\/\/www.marelle-studio.com\/wp-content\/uploads\/2026\/01\/Fr4-1536x2048.jpg"}}},"alt_text":"Photo de l'exposition Les murs parlent","url":"","target":""},{"id":6663,"title":"Photo au Mus\u00e9e de la r\u00e9sistance de Limoges","caption":"Photo de l'exposition \"Les murs parlent: le graffiti comme ultime t\u00e9moignage\", Mus\u00e9e de la r\u00e9sistance de Limoges, 2022","full_image_url":"https:\/\/www.marelle-studio.com\/wp-content\/uploads\/2026\/03\/P1030113-scaled.webp","thumbnail_image_url":"https:\/\/www.marelle-studio.com\/wp-content\/uploads\/2026\/03\/P1030113-150x150.webp","large_srcset":"https:\/\/www.marelle-studio.com\/wp-content\/uploads\/2026\/03\/P1030113-1024x768.webp 1024w, https:\/\/www.marelle-studio.com\/wp-content\/uploads\/2026\/03\/P1030113-300x225.webp 300w, https:\/\/www.marelle-studio.com\/wp-content\/uploads\/2026\/03\/P1030113-768x576.webp 768w, https:\/\/www.marelle-studio.com\/wp-content\/uploads\/2026\/03\/P1030113-1536x1152.webp 1536w, https:\/\/www.marelle-studio.com\/wp-content\/uploads\/2026\/03\/P1030113-scaled.webp 1920w","medium_srcset":"https:\/\/www.marelle-studio.com\/wp-content\/uploads\/2026\/03\/P1030113-300x225.webp 300w, https:\/\/www.marelle-studio.com\/wp-content\/uploads\/2026\/03\/P1030113-1024x768.webp 1024w, https:\/\/www.marelle-studio.com\/wp-content\/uploads\/2026\/03\/P1030113-768x576.webp 768w, https:\/\/www.marelle-studio.com\/wp-content\/uploads\/2026\/03\/P1030113-1536x1152.webp 1536w, https:\/\/www.marelle-studio.com\/wp-content\/uploads\/2026\/03\/P1030113-scaled.webp 1920w","media_details":{"width":1920,"height":1440,"sizes":{"medium":{"file":"P1030113-300x225.webp","width":300,"height":225,"mime-type":"image\/webp","filesize":4626,"source_url":"https:\/\/www.marelle-studio.com\/wp-content\/uploads\/2026\/03\/P1030113-300x225.webp"},"large":{"file":"P1030113-1024x768.webp","width":1024,"height":768,"mime-type":"image\/webp","filesize":67540,"source_url":"https:\/\/www.marelle-studio.com\/wp-content\/uploads\/2026\/03\/P1030113-1024x768.webp"},"thumbnail":{"file":"P1030113-150x150.webp","width":150,"height":150,"mime-type":"image\/webp","filesize":1726,"source_url":"https:\/\/www.marelle-studio.com\/wp-content\/uploads\/2026\/03\/P1030113-150x150.webp"},"medium_large":{"file":"P1030113-768x576.webp","width":768,"height":576,"mime-type":"image\/webp","filesize":35362,"source_url":"https:\/\/www.marelle-studio.com\/wp-content\/uploads\/2026\/03\/P1030113-768x576.webp"},"1536x1536":{"file":"P1030113-1536x1152.webp","width":1536,"height":1152,"mime-type":"image\/webp","filesize":163256,"source_url":"https:\/\/www.marelle-studio.com\/wp-content\/uploads\/2026\/03\/P1030113-1536x1152.webp"},"2048x2048":{"file":"P1030113-2048x1536.webp","width":1920,"height":1440,"mime-type":"image\/webp","filesize":236914,"source_url":"https:\/\/www.marelle-studio.com\/wp-content\/uploads\/2026\/03\/P1030113-2048x1536.webp"}}},"alt_text":"Les murs parlent: le graffiti comme ultime t\u00e9moignage","url":"","target":""},{"id":6659,"title":"Photo au Mus\u00e9e de la r\u00e9sistance de Limoges","caption":"Exposition immersive \"Les murs parlent : les graffiti comme ultime t\u00e9moignage\", Mus\u00e9e de la r\u00e9sistance de limoges, 2022","full_image_url":"https:\/\/www.marelle-studio.com\/wp-content\/uploads\/2026\/03\/P1030144-scaled.webp","thumbnail_image_url":"https:\/\/www.marelle-studio.com\/wp-content\/uploads\/2026\/03\/P1030144-150x150.webp","large_srcset":"https:\/\/www.marelle-studio.com\/wp-content\/uploads\/2026\/03\/P1030144-768x1024.webp 768w, https:\/\/www.marelle-studio.com\/wp-content\/uploads\/2026\/03\/P1030144-225x300.webp 225w, https:\/\/www.marelle-studio.com\/wp-content\/uploads\/2026\/03\/P1030144-1152x1536.webp 1152w, https:\/\/www.marelle-studio.com\/wp-content\/uploads\/2026\/03\/P1030144-scaled.webp 1440w","medium_srcset":"https:\/\/www.marelle-studio.com\/wp-content\/uploads\/2026\/03\/P1030144-225x300.webp 225w, https:\/\/www.marelle-studio.com\/wp-content\/uploads\/2026\/03\/P1030144-768x1024.webp 768w, https:\/\/www.marelle-studio.com\/wp-content\/uploads\/2026\/03\/P1030144-1152x1536.webp 1152w, https:\/\/www.marelle-studio.com\/wp-content\/uploads\/2026\/03\/P1030144-scaled.webp 1440w","media_details":{"width":1440,"height":1920,"sizes":{"medium":{"file":"P1030144-225x300.webp","width":225,"height":300,"mime-type":"image\/webp","filesize":5638,"source_url":"https:\/\/www.marelle-studio.com\/wp-content\/uploads\/2026\/03\/P1030144-225x300.webp"},"large":{"file":"P1030144-768x1024.webp","width":768,"height":1024,"mime-type":"image\/webp","filesize":39042,"source_url":"https:\/\/www.marelle-studio.com\/wp-content\/uploads\/2026\/03\/P1030144-768x1024.webp"},"thumbnail":{"file":"P1030144-150x150.webp","width":150,"height":150,"mime-type":"image\/webp","filesize":2652,"source_url":"https:\/\/www.marelle-studio.com\/wp-content\/uploads\/2026\/03\/P1030144-150x150.webp"},"medium_large":{"file":"P1030144-768x1024.webp","width":768,"height":1024,"mime-type":"image\/webp","filesize":39042,"source_url":"https:\/\/www.marelle-studio.com\/wp-content\/uploads\/2026\/03\/P1030144-768x1024.webp"},"1536x1536":{"file":"P1030144-1152x1536.webp","width":1152,"height":1536,"mime-type":"image\/webp","filesize":75750,"source_url":"https:\/\/www.marelle-studio.com\/wp-content\/uploads\/2026\/03\/P1030144-1152x1536.webp"},"2048x2048":{"file":"P1030144-1536x2048.webp","width":1440,"height":1920,"mime-type":"image\/webp","filesize":105284,"source_url":"https:\/\/www.marelle-studio.com\/wp-content\/uploads\/2026\/03\/P1030144-1536x2048.webp"}}},"alt_text":"Les murs parlent : les graffiti comme ultime t\u00e9moignage","url":"","target":""},{"id":6449,"title":"Fr5","caption":"Ecomus\u00e9e du Grand-Orly Bi\u00e8vre, 15 septembre 2025- 7 Mars 2026","full_image_url":"https:\/\/www.marelle-studio.com\/wp-content\/uploads\/2026\/01\/Fr5-scaled.jpg","thumbnail_image_url":"https:\/\/www.marelle-studio.com\/wp-content\/uploads\/2026\/01\/Fr5-150x150.jpg","large_srcset":"https:\/\/www.marelle-studio.com\/wp-content\/uploads\/2026\/01\/Fr5-768x1024.jpg 768w, https:\/\/www.marelle-studio.com\/wp-content\/uploads\/2026\/01\/Fr5-225x300.jpg 225w, https:\/\/www.marelle-studio.com\/wp-content\/uploads\/2026\/01\/Fr5-1152x1536.jpg 1152w, https:\/\/www.marelle-studio.com\/wp-content\/uploads\/2026\/01\/Fr5-1536x2048.jpg 1536w, https:\/\/www.marelle-studio.com\/wp-content\/uploads\/2026\/01\/Fr5-scaled.jpg 1920w","medium_srcset":"https:\/\/www.marelle-studio.com\/wp-content\/uploads\/2026\/01\/Fr5-225x300.jpg 225w, https:\/\/www.marelle-studio.com\/wp-content\/uploads\/2026\/01\/Fr5-768x1024.jpg 768w, https:\/\/www.marelle-studio.com\/wp-content\/uploads\/2026\/01\/Fr5-1152x1536.jpg 1152w, https:\/\/www.marelle-studio.com\/wp-content\/uploads\/2026\/01\/Fr5-1536x2048.jpg 1536w, https:\/\/www.marelle-studio.com\/wp-content\/uploads\/2026\/01\/Fr5-scaled.jpg 1920w","media_details":{"width":1920,"height":2560,"sizes":{"medium":{"file":"Fr5-225x300.jpg","width":225,"height":300,"mime-type":"image\/jpeg","filesize":22332,"source_url":"https:\/\/www.marelle-studio.com\/wp-content\/uploads\/2026\/01\/Fr5-225x300.jpg"},"large":{"file":"Fr5-768x1024.jpg","width":768,"height":1024,"mime-type":"image\/jpeg","filesize":119135,"source_url":"https:\/\/www.marelle-studio.com\/wp-content\/uploads\/2026\/01\/Fr5-768x1024.jpg"},"thumbnail":{"file":"Fr5-150x150.jpg","width":150,"height":150,"mime-type":"image\/jpeg","filesize":15677,"source_url":"https:\/\/www.marelle-studio.com\/wp-content\/uploads\/2026\/01\/Fr5-150x150.jpg"},"medium_large":{"file":"Fr5-768x1024.jpg","width":768,"height":1024,"mime-type":"image\/jpeg","filesize":119135,"source_url":"https:\/\/www.marelle-studio.com\/wp-content\/uploads\/2026\/01\/Fr5-768x1024.jpg"},"1536x1536":{"file":"Fr5-1152x1536.jpg","width":1152,"height":1536,"mime-type":"image\/jpeg","filesize":253640,"source_url":"https:\/\/www.marelle-studio.com\/wp-content\/uploads\/2026\/01\/Fr5-1152x1536.jpg"},"2048x2048":{"file":"Fr5-1536x2048.jpg","width":1536,"height":2048,"mime-type":"image\/jpeg","filesize":418315,"source_url":"https:\/\/www.marelle-studio.com\/wp-content\/uploads\/2026\/01\/Fr5-1536x2048.jpg"}}},"alt_text":"Photo exposition Les murs parlent","url":"","target":""},{"id":6450,"title":"FR5bis","caption":"Ecomus\u00e9e du Grand-Orly Bi\u00e8vre, 15 septembre 2025- 7 Mars 2026","full_image_url":"https:\/\/www.marelle-studio.com\/wp-content\/uploads\/2026\/01\/FR5bis-scaled.jpg","thumbnail_image_url":"https:\/\/www.marelle-studio.com\/wp-content\/uploads\/2026\/01\/FR5bis-150x150.jpg","large_srcset":"https:\/\/www.marelle-studio.com\/wp-content\/uploads\/2026\/01\/FR5bis-768x1024.jpg 768w, https:\/\/www.marelle-studio.com\/wp-content\/uploads\/2026\/01\/FR5bis-225x300.jpg 225w, https:\/\/www.marelle-studio.com\/wp-content\/uploads\/2026\/01\/FR5bis-1152x1536.jpg 1152w, https:\/\/www.marelle-studio.com\/wp-content\/uploads\/2026\/01\/FR5bis-1536x2048.jpg 1536w, https:\/\/www.marelle-studio.com\/wp-content\/uploads\/2026\/01\/FR5bis-scaled.jpg 1920w","medium_srcset":"https:\/\/www.marelle-studio.com\/wp-content\/uploads\/2026\/01\/FR5bis-225x300.jpg 225w, https:\/\/www.marelle-studio.com\/wp-content\/uploads\/2026\/01\/FR5bis-768x1024.jpg 768w, https:\/\/www.marelle-studio.com\/wp-content\/uploads\/2026\/01\/FR5bis-1152x1536.jpg 1152w, https:\/\/www.marelle-studio.com\/wp-content\/uploads\/2026\/01\/FR5bis-1536x2048.jpg 1536w, https:\/\/www.marelle-studio.com\/wp-content\/uploads\/2026\/01\/FR5bis-scaled.jpg 1920w","media_details":{"width":1920,"height":2560,"sizes":{"medium":{"file":"FR5bis-225x300.jpg","width":225,"height":300,"mime-type":"image\/jpeg","filesize":63489,"source_url":"https:\/\/www.marelle-studio.com\/wp-content\/uploads\/2026\/01\/FR5bis-225x300.jpg"},"large":{"file":"FR5bis-768x1024.jpg","width":768,"height":1024,"mime-type":"image\/jpeg","filesize":131534,"source_url":"https:\/\/www.marelle-studio.com\/wp-content\/uploads\/2026\/01\/FR5bis-768x1024.jpg"},"thumbnail":{"file":"FR5bis-150x150.jpg","width":150,"height":150,"mime-type":"image\/jpeg","filesize":56640,"source_url":"https:\/\/www.marelle-studio.com\/wp-content\/uploads\/2026\/01\/FR5bis-150x150.jpg"},"medium_large":{"file":"FR5bis-768x1024.jpg","width":768,"height":1024,"mime-type":"image\/jpeg","filesize":131534,"source_url":"https:\/\/www.marelle-studio.com\/wp-content\/uploads\/2026\/01\/FR5bis-768x1024.jpg"},"1536x1536":{"file":"FR5bis-1152x1536.jpg","width":1152,"height":1536,"mime-type":"image\/jpeg","filesize":205284,"source_url":"https:\/\/www.marelle-studio.com\/wp-content\/uploads\/2026\/01\/FR5bis-1152x1536.jpg"},"2048x2048":{"file":"FR5bis-1536x2048.jpg","width":1536,"height":2048,"mime-type":"image\/jpeg","filesize":298470,"source_url":"https:\/\/www.marelle-studio.com\/wp-content\/uploads\/2026\/01\/FR5bis-1536x2048.jpg"}}},"alt_text":"Photo de l'exposition Les murs parlent","url":"","target":""},{"id":6447,"title":"Fr3_1","caption":"Ecomus\u00e9e du Grand-Orly Bi\u00e8vre, 15 septembre 2025- 7 Mars 2026","full_image_url":"https:\/\/www.marelle-studio.com\/wp-content\/uploads\/2026\/01\/Fr3_1-scaled.jpg","thumbnail_image_url":"https:\/\/www.marelle-studio.com\/wp-content\/uploads\/2026\/01\/Fr3_1-150x150.jpg","large_srcset":"https:\/\/www.marelle-studio.com\/wp-content\/uploads\/2026\/01\/Fr3_1-1024x576.jpg 1024w, https:\/\/www.marelle-studio.com\/wp-content\/uploads\/2026\/01\/Fr3_1-300x169.jpg 300w, https:\/\/www.marelle-studio.com\/wp-content\/uploads\/2026\/01\/Fr3_1-768x432.jpg 768w, https:\/\/www.marelle-studio.com\/wp-content\/uploads\/2026\/01\/Fr3_1-1536x864.jpg 1536w, https:\/\/www.marelle-studio.com\/wp-content\/uploads\/2026\/01\/Fr3_1-2048x1152.jpg 2048w","medium_srcset":"https:\/\/www.marelle-studio.com\/wp-content\/uploads\/2026\/01\/Fr3_1-300x169.jpg 300w, https:\/\/www.marelle-studio.com\/wp-content\/uploads\/2026\/01\/Fr3_1-1024x576.jpg 1024w, https:\/\/www.marelle-studio.com\/wp-content\/uploads\/2026\/01\/Fr3_1-768x432.jpg 768w, https:\/\/www.marelle-studio.com\/wp-content\/uploads\/2026\/01\/Fr3_1-1536x864.jpg 1536w, https:\/\/www.marelle-studio.com\/wp-content\/uploads\/2026\/01\/Fr3_1-2048x1152.jpg 2048w","media_details":{"width":2560,"height":1440,"sizes":{"medium":{"file":"Fr3_1-300x169.jpg","width":300,"height":169,"mime-type":"image\/jpeg","filesize":14428,"source_url":"https:\/\/www.marelle-studio.com\/wp-content\/uploads\/2026\/01\/Fr3_1-300x169.jpg"},"large":{"file":"Fr3_1-1024x576.jpg","width":1024,"height":576,"mime-type":"image\/jpeg","filesize":58528,"source_url":"https:\/\/www.marelle-studio.com\/wp-content\/uploads\/2026\/01\/Fr3_1-1024x576.jpg"},"thumbnail":{"file":"Fr3_1-150x150.jpg","width":150,"height":150,"mime-type":"image\/jpeg","filesize":10692,"source_url":"https:\/\/www.marelle-studio.com\/wp-content\/uploads\/2026\/01\/Fr3_1-150x150.jpg"},"medium_large":{"file":"Fr3_1-768x432.jpg","width":768,"height":432,"mime-type":"image\/jpeg","filesize":39328,"source_url":"https:\/\/www.marelle-studio.com\/wp-content\/uploads\/2026\/01\/Fr3_1-768x432.jpg"},"1536x1536":{"file":"Fr3_1-1536x864.jpg","width":1536,"height":864,"mime-type":"image\/jpeg","filesize":109100,"source_url":"https:\/\/www.marelle-studio.com\/wp-content\/uploads\/2026\/01\/Fr3_1-1536x864.jpg"},"2048x2048":{"file":"Fr3_1-2048x1152.jpg","width":2048,"height":1152,"mime-type":"image\/jpeg","filesize":177152,"source_url":"https:\/\/www.marelle-studio.com\/wp-content\/uploads\/2026\/01\/Fr3_1-2048x1152.jpg"}}},"alt_text":"Reconstitution d'une cellule de prison","url":"","target":""},{"id":6660,"title":"Photo au Mus\u00e9e de la r\u00e9sistance de Limoges","caption":"Photo de l'exposition \"Les murs parlent: le graffiti comme ultime t\u00e9moignage\", Mus\u00e9e de la r\u00e9sistance de Limoges, 2022","full_image_url":"https:\/\/www.marelle-studio.com\/wp-content\/uploads\/2026\/03\/P1030134-scaled.webp","thumbnail_image_url":"https:\/\/www.marelle-studio.com\/wp-content\/uploads\/2026\/03\/P1030134-150x150.webp","large_srcset":"https:\/\/www.marelle-studio.com\/wp-content\/uploads\/2026\/03\/P1030134-1024x768.webp 1024w, https:\/\/www.marelle-studio.com\/wp-content\/uploads\/2026\/03\/P1030134-300x225.webp 300w, https:\/\/www.marelle-studio.com\/wp-content\/uploads\/2026\/03\/P1030134-768x576.webp 768w, https:\/\/www.marelle-studio.com\/wp-content\/uploads\/2026\/03\/P1030134-1536x1152.webp 1536w, https:\/\/www.marelle-studio.com\/wp-content\/uploads\/2026\/03\/P1030134-scaled.webp 1920w","medium_srcset":"https:\/\/www.marelle-studio.com\/wp-content\/uploads\/2026\/03\/P1030134-300x225.webp 300w, https:\/\/www.marelle-studio.com\/wp-content\/uploads\/2026\/03\/P1030134-1024x768.webp 1024w, https:\/\/www.marelle-studio.com\/wp-content\/uploads\/2026\/03\/P1030134-768x576.webp 768w, https:\/\/www.marelle-studio.com\/wp-content\/uploads\/2026\/03\/P1030134-1536x1152.webp 1536w, https:\/\/www.marelle-studio.com\/wp-content\/uploads\/2026\/03\/P1030134-scaled.webp 1920w","media_details":{"width":1920,"height":1440,"sizes":{"medium":{"file":"P1030134-300x225.webp","width":300,"height":225,"mime-type":"image\/webp","filesize":2984,"source_url":"https:\/\/www.marelle-studio.com\/wp-content\/uploads\/2026\/03\/P1030134-300x225.webp"},"large":{"file":"P1030134-1024x768.webp","width":1024,"height":768,"mime-type":"image\/webp","filesize":17526,"source_url":"https:\/\/www.marelle-studio.com\/wp-content\/uploads\/2026\/03\/P1030134-1024x768.webp"},"thumbnail":{"file":"P1030134-150x150.webp","width":150,"height":150,"mime-type":"image\/webp","filesize":1526,"source_url":"https:\/\/www.marelle-studio.com\/wp-content\/uploads\/2026\/03\/P1030134-150x150.webp"},"medium_large":{"file":"P1030134-768x576.webp","width":768,"height":576,"mime-type":"image\/webp","filesize":11280,"source_url":"https:\/\/www.marelle-studio.com\/wp-content\/uploads\/2026\/03\/P1030134-768x576.webp"},"1536x1536":{"file":"P1030134-1536x1152.webp","width":1536,"height":1152,"mime-type":"image\/webp","filesize":36020,"source_url":"https:\/\/www.marelle-studio.com\/wp-content\/uploads\/2026\/03\/P1030134-1536x1152.webp"},"2048x2048":{"file":"P1030134-2048x1536.webp","width":1920,"height":1440,"mime-type":"image\/webp","filesize":50218,"source_url":"https:\/\/www.marelle-studio.com\/wp-content\/uploads\/2026\/03\/P1030134-2048x1536.webp"}}},"alt_text":"Les murs parlent: le graffiti comme ultime t\u00e9moignage","url":"","target":""},{"id":6662,"title":"Photo au Mus\u00e9e de la r\u00e9sistance de Limoges","caption":"Photo de l'exposition \"Les murs parlent: le graffiti comme ultime t\u00e9moignage\", Mus\u00e9e de la r\u00e9sistance de Limoges, 2022","full_image_url":"https:\/\/www.marelle-studio.com\/wp-content\/uploads\/2026\/03\/P1030104-scaled.webp","thumbnail_image_url":"https:\/\/www.marelle-studio.com\/wp-content\/uploads\/2026\/03\/P1030104-150x150.webp","large_srcset":"https:\/\/www.marelle-studio.com\/wp-content\/uploads\/2026\/03\/P1030104-1024x768.webp 1024w, https:\/\/www.marelle-studio.com\/wp-content\/uploads\/2026\/03\/P1030104-300x225.webp 300w, https:\/\/www.marelle-studio.com\/wp-content\/uploads\/2026\/03\/P1030104-768x576.webp 768w, https:\/\/www.marelle-studio.com\/wp-content\/uploads\/2026\/03\/P1030104-1536x1152.webp 1536w, https:\/\/www.marelle-studio.com\/wp-content\/uploads\/2026\/03\/P1030104-scaled.webp 1920w","medium_srcset":"https:\/\/www.marelle-studio.com\/wp-content\/uploads\/2026\/03\/P1030104-300x225.webp 300w, https:\/\/www.marelle-studio.com\/wp-content\/uploads\/2026\/03\/P1030104-1024x768.webp 1024w, https:\/\/www.marelle-studio.com\/wp-content\/uploads\/2026\/03\/P1030104-768x576.webp 768w, https:\/\/www.marelle-studio.com\/wp-content\/uploads\/2026\/03\/P1030104-1536x1152.webp 1536w, https:\/\/www.marelle-studio.com\/wp-content\/uploads\/2026\/03\/P1030104-scaled.webp 1920w","media_details":{"width":1920,"height":1440,"sizes":{"medium":{"file":"P1030104-300x225.webp","width":300,"height":225,"mime-type":"image\/webp","filesize":4562,"source_url":"https:\/\/www.marelle-studio.com\/wp-content\/uploads\/2026\/03\/P1030104-300x225.webp"},"large":{"file":"P1030104-1024x768.webp","width":1024,"height":768,"mime-type":"image\/webp","filesize":44334,"source_url":"https:\/\/www.marelle-studio.com\/wp-content\/uploads\/2026\/03\/P1030104-1024x768.webp"},"thumbnail":{"file":"P1030104-150x150.webp","width":150,"height":150,"mime-type":"image\/webp","filesize":1668,"source_url":"https:\/\/www.marelle-studio.com\/wp-content\/uploads\/2026\/03\/P1030104-150x150.webp"},"medium_large":{"file":"P1030104-768x576.webp","width":768,"height":576,"mime-type":"image\/webp","filesize":26924,"source_url":"https:\/\/www.marelle-studio.com\/wp-content\/uploads\/2026\/03\/P1030104-768x576.webp"},"1536x1536":{"file":"P1030104-1536x1152.webp","width":1536,"height":1152,"mime-type":"image\/webp","filesize":88544,"source_url":"https:\/\/www.marelle-studio.com\/wp-content\/uploads\/2026\/03\/P1030104-1536x1152.webp"},"2048x2048":{"file":"P1030104-2048x1536.webp","width":1920,"height":1440,"mime-type":"image\/webp","filesize":121650,"source_url":"https:\/\/www.marelle-studio.com\/wp-content\/uploads\/2026\/03\/P1030104-2048x1536.webp"}}},"alt_text":"\"Les murs parlent: le graffiti comme ultime t\u00e9moignage\"","url":"","target":""},{"id":6451,"title":"Fr7","caption":"Ecomus\u00e9e du Grand-Orly Bi\u00e8vre, 15 septembre 2025- 7 Mars 2026","full_image_url":"https:\/\/www.marelle-studio.com\/wp-content\/uploads\/2026\/01\/Fr7-scaled.jpg","thumbnail_image_url":"https:\/\/www.marelle-studio.com\/wp-content\/uploads\/2026\/01\/Fr7-150x150.jpg","large_srcset":"https:\/\/www.marelle-studio.com\/wp-content\/uploads\/2026\/01\/Fr7-768x1024.jpg 768w, https:\/\/www.marelle-studio.com\/wp-content\/uploads\/2026\/01\/Fr7-225x300.jpg 225w, https:\/\/www.marelle-studio.com\/wp-content\/uploads\/2026\/01\/Fr7-1152x1536.jpg 1152w, https:\/\/www.marelle-studio.com\/wp-content\/uploads\/2026\/01\/Fr7-1536x2048.jpg 1536w, https:\/\/www.marelle-studio.com\/wp-content\/uploads\/2026\/01\/Fr7-scaled.jpg 1920w","medium_srcset":"https:\/\/www.marelle-studio.com\/wp-content\/uploads\/2026\/01\/Fr7-225x300.jpg 225w, https:\/\/www.marelle-studio.com\/wp-content\/uploads\/2026\/01\/Fr7-768x1024.jpg 768w, https:\/\/www.marelle-studio.com\/wp-content\/uploads\/2026\/01\/Fr7-1152x1536.jpg 1152w, https:\/\/www.marelle-studio.com\/wp-content\/uploads\/2026\/01\/Fr7-1536x2048.jpg 1536w, https:\/\/www.marelle-studio.com\/wp-content\/uploads\/2026\/01\/Fr7-scaled.jpg 1920w","media_details":{"width":1920,"height":2560,"sizes":{"medium":{"file":"Fr7-225x300.jpg","width":225,"height":300,"mime-type":"image\/jpeg","filesize":24539,"source_url":"https:\/\/www.marelle-studio.com\/wp-content\/uploads\/2026\/01\/Fr7-225x300.jpg"},"large":{"file":"Fr7-768x1024.jpg","width":768,"height":1024,"mime-type":"image\/jpeg","filesize":164264,"source_url":"https:\/\/www.marelle-studio.com\/wp-content\/uploads\/2026\/01\/Fr7-768x1024.jpg"},"thumbnail":{"file":"Fr7-150x150.jpg","width":150,"height":150,"mime-type":"image\/jpeg","filesize":14966,"source_url":"https:\/\/www.marelle-studio.com\/wp-content\/uploads\/2026\/01\/Fr7-150x150.jpg"},"medium_large":{"file":"Fr7-768x1024.jpg","width":768,"height":1024,"mime-type":"image\/jpeg","filesize":164264,"source_url":"https:\/\/www.marelle-studio.com\/wp-content\/uploads\/2026\/01\/Fr7-768x1024.jpg"},"1536x1536":{"file":"Fr7-1152x1536.jpg","width":1152,"height":1536,"mime-type":"image\/jpeg","filesize":328296,"source_url":"https:\/\/www.marelle-studio.com\/wp-content\/uploads\/2026\/01\/Fr7-1152x1536.jpg"},"2048x2048":{"file":"Fr7-1536x2048.jpg","width":1536,"height":2048,"mime-type":"image\/jpeg","filesize":506253,"source_url":"https:\/\/www.marelle-studio.com\/wp-content\/uploads\/2026\/01\/Fr7-1536x2048.jpg"}}},"alt_text":"Article de presse","url":"","target":""},{"id":6452,"title":"Fr10_1","caption":"Ecomus\u00e9e du Grand-Orly Bi\u00e8vre, 15 septembre 2025- 7 Mars 2026","full_image_url":"https:\/\/www.marelle-studio.com\/wp-content\/uploads\/2026\/01\/Fr10_1.jpg","thumbnail_image_url":"https:\/\/www.marelle-studio.com\/wp-content\/uploads\/2026\/01\/Fr10_1-150x150.jpg","large_srcset":"https:\/\/www.marelle-studio.com\/wp-content\/uploads\/2026\/01\/Fr10_1-576x1024.jpg 576w, https:\/\/www.marelle-studio.com\/wp-content\/uploads\/2026\/01\/Fr10_1-169x300.jpg 169w, https:\/\/www.marelle-studio.com\/wp-content\/uploads\/2026\/01\/Fr10_1-768x1365.jpg 768w, https:\/\/www.marelle-studio.com\/wp-content\/uploads\/2026\/01\/Fr10_1-864x1536.jpg 864w, https:\/\/www.marelle-studio.com\/wp-content\/uploads\/2026\/01\/Fr10_1-1152x2048.jpg 1152w, https:\/\/www.marelle-studio.com\/wp-content\/uploads\/2026\/01\/Fr10_1.jpg 1288w","medium_srcset":"https:\/\/www.marelle-studio.com\/wp-content\/uploads\/2026\/01\/Fr10_1-169x300.jpg 169w, https:\/\/www.marelle-studio.com\/wp-content\/uploads\/2026\/01\/Fr10_1-576x1024.jpg 576w, https:\/\/www.marelle-studio.com\/wp-content\/uploads\/2026\/01\/Fr10_1-768x1365.jpg 768w, https:\/\/www.marelle-studio.com\/wp-content\/uploads\/2026\/01\/Fr10_1-864x1536.jpg 864w, https:\/\/www.marelle-studio.com\/wp-content\/uploads\/2026\/01\/Fr10_1-1152x2048.jpg 1152w, https:\/\/www.marelle-studio.com\/wp-content\/uploads\/2026\/01\/Fr10_1.jpg 1288w","media_details":{"width":1288,"height":2290,"sizes":{"medium":{"file":"Fr10_1-169x300.jpg","width":169,"height":300,"mime-type":"image\/jpeg","filesize":24705,"source_url":"https:\/\/www.marelle-studio.com\/wp-content\/uploads\/2026\/01\/Fr10_1-169x300.jpg"},"large":{"file":"Fr10_1-576x1024.jpg","width":576,"height":1024,"mime-type":"image\/jpeg","filesize":122493,"source_url":"https:\/\/www.marelle-studio.com\/wp-content\/uploads\/2026\/01\/Fr10_1-576x1024.jpg"},"thumbnail":{"file":"Fr10_1-150x150.jpg","width":150,"height":150,"mime-type":"image\/jpeg","filesize":17137,"source_url":"https:\/\/www.marelle-studio.com\/wp-content\/uploads\/2026\/01\/Fr10_1-150x150.jpg"},"medium_large":{"file":"Fr10_1-768x1365.jpg","width":768,"height":1365,"mime-type":"image\/jpeg","filesize":189660,"source_url":"https:\/\/www.marelle-studio.com\/wp-content\/uploads\/2026\/01\/Fr10_1-768x1365.jpg"},"1536x1536":{"file":"Fr10_1-864x1536.jpg","width":864,"height":1536,"mime-type":"image\/jpeg","filesize":227464,"source_url":"https:\/\/www.marelle-studio.com\/wp-content\/uploads\/2026\/01\/Fr10_1-864x1536.jpg"},"2048x2048":{"file":"Fr10_1-1152x2048.jpg","width":1152,"height":2048,"mime-type":"image\/jpeg","filesize":350743,"source_url":"https:\/\/www.marelle-studio.com\/wp-content\/uploads\/2026\/01\/Fr10_1-1152x2048.jpg"}}},"alt_text":"Affiche de l'exposition les Murs parlent","url":"","target":""}]]}},"_links":{"self":[{"href":"https:\/\/www.marelle-studio.com\/en\/wp-json\/wp\/v2\/posts\/6458","targetHints":{"allow":["GET"]}}],"collection":[{"href":"https:\/\/www.marelle-studio.com\/en\/wp-json\/wp\/v2\/posts"}],"about":[{"href":"https:\/\/www.marelle-studio.com\/en\/wp-json\/wp\/v2\/types\/post"}],"author":[{"embeddable":true,"href":"https:\/\/www.marelle-studio.com\/en\/wp-json\/wp\/v2\/users\/2"}],"replies":[{"embeddable":true,"href":"https:\/\/www.marelle-studio.com\/en\/wp-json\/wp\/v2\/comments?post=6458"}],"version-history":[{"count":2,"href":"https:\/\/www.marelle-studio.com\/en\/wp-json\/wp\/v2\/posts\/6458\/revisions"}],"predecessor-version":[{"id":6664,"href":"https:\/\/www.marelle-studio.com\/en\/wp-json\/wp\/v2\/posts\/6458\/revisions\/6664"}],"wp:featuredmedia":[{"embeddable":true,"href":"https:\/\/www.marelle-studio.com\/en\/wp-json\/wp\/v2\/media\/6459"}],"wp:attachment":[{"href":"https:\/\/www.marelle-studio.com\/en\/wp-json\/wp\/v2\/media?parent=6458"}],"wp:term":[{"taxonomy":"category","embeddable":true,"href":"https:\/\/www.marelle-studio.com\/en\/wp-json\/wp\/v2\/categories?post=6458"},{"taxonomy":"post_tag","embeddable":true,"href":"https:\/\/www.marelle-studio.com\/en\/wp-json\/wp\/v2\/tags?post=6458"}],"curies":[{"name":"wp","href":"https:\/\/api.w.org\/{rel}","templated":true}]}}